{"id":31636,"date":"2026-08-31T17:20:00","date_gmt":"2026-08-31T21:20:00","guid":{"rendered":"https:\/\/ent-nts.ca\/?p=31636"},"modified":"2026-08-31T17:20:39","modified_gmt":"2026-08-31T21:20:39","slug":"un-banc-pour-faire-vivre-la-memoire-de-jean-besre-2","status":"publish","type":"post","link":"https:\/\/ent-nts.ca\/fr\/un-banc-pour-faire-vivre-la-memoire-de-jean-besre-2\/","title":{"rendered":"Un banc pour faire vivre la m\u00e9moire de Jean Besr\u00e9"},"content":{"rendered":"\n<p class=\"wp-block-paragraph\"><br>Il y a des objets qui trouvent leur place dans un lieu. Et puis il y a ceux qui, en s\u2019y installant, racontent une histoire.<\/p>\n\n\n\n<p class=\"wp-block-paragraph\">Un banc bien sp\u00e9cial vient de faire son entr\u00e9e dans la cour int\u00e9rieure des \u00e9l\u00e8ves de l\u2019\u00c9cole nationale de th\u00e9\u00e2tre du Canada. Derri\u00e8re son design se cache une histoire de famille, de transmission et de g\u00e9n\u00e9rosit\u00e9 : le banc a \u00e9t\u00e9 offert \u00e0 l\u2019\u00c9cole par Dominique Roberge, ni\u00e8ce de Jean Besr\u00e9, afin d\u2019honorer la m\u00e9moire du com\u00e9dien et enseignant, disparu tragiquement en 2001.<\/p>\n\n\n\n<p class=\"wp-block-paragraph\">Homme de th\u00e9\u00e2tre passionn\u00e9, Jean Besr\u00e9 a particip\u00e9 au cours de sa carri\u00e8re \u00e0 une soixantaine d\u2019\u0153uvres th\u00e9\u00e2trales et \u00e0 une quarantaine d\u2019\u00e9missions de t\u00e9l\u00e9vision. Mais pour l\u2019\u00c9cole, son h\u00e9ritage est aussi celui d\u2019un p\u00e9dagogue. Son passage comme enseignant a marqu\u00e9 les esprits et inspir\u00e9 des g\u00e9n\u00e9rations d\u2019artistes par sa sensibilit\u00e9, sa rigueur et son amour de l\u2019art.<\/p>\n\n\n\n<p class=\"wp-block-paragraph\">Vingt-cinq ans apr\u00e8s son d\u00e9part, sa m\u00e9moire revient ainsi habiter l\u2019\u00c9cole d\u2019une fa\u00e7on \u00e0 la fois toute simple et profond\u00e9ment significative.<\/p>\n\n\n\n<p class=\"wp-block-paragraph\"><strong>Une histoire de transmission<\/strong><\/p>\n\n\n\n<p class=\"wp-block-paragraph\">Le banc offert par Dominique Roberge a lui-m\u00eame une histoire familiale : il a \u00e9t\u00e9 r\u00e9fl\u00e9chi et con\u00e7u par son fils, Shan Luu Gantcheff, designer industriel montr\u00e9alais.<\/p>\n\n\n\n<p class=\"wp-block-paragraph\">\u00c0 travers son entreprise, <em>Cr\u00e9ations Oasis<\/em>, Shan Luu d\u00e9veloppe des produits qui conjuguent cr\u00e9ativit\u00e9 et fonctionnalit\u00e9, avec une attention particuli\u00e8re port\u00e9e \u00e0 l\u2019inclusion, au confort et au bien-\u00eatre.<\/p>\n\n\n\n<p class=\"wp-block-paragraph\">Qu\u2019un membre d\u2019une nouvelle g\u00e9n\u00e9ration de la famille ait imagin\u00e9 et cr\u00e9\u00e9 l\u2019objet qui rend aujourd\u2019hui hommage \u00e0 Jean Besr\u00e9 donne au geste une r\u00e9sonance toute particuli\u00e8re.<\/p>\n\n\n\n<p class=\"wp-block-paragraph\">Car ce banc est bien plus qu\u2019un objet comm\u00e9moratif. Il est fait pour \u00eatre utilis\u00e9, habit\u00e9, et pour faire partie de la vie de l\u2019\u00c9cole. Pour s\u2019y asseoir entre deux cours, relire un texte avant une r\u00e9p\u00e9tition, \u00e9changer sur un projet qui prend vie, attendre le d\u00e9but d\u2019un spectacle ou simplement reprendre son souffle dans une journ\u00e9e bien remplie. Au fil du temps, il sera t\u00e9moin, \u00e0 sa fa\u00e7on, de cette vie th\u00e9\u00e2trale qui se renouvelle sans cesse entre les murs de l\u2019\u00c9cole.<\/p>\n\n\n\n<p class=\"wp-block-paragraph\">Et il y a quelque chose de tr\u00e8s juste dans cette id\u00e9e.<\/p>\n\n\n\n<p class=\"wp-block-paragraph\">Jean Besr\u00e9 a consacr\u00e9 une partie de sa vie \u00e0 transmettre son m\u00e9tier et son amour du th\u00e9\u00e2tre \u00e0 celles et ceux qui allaient prendre la rel\u00e8ve. Aujourd\u2019hui, un geste pos\u00e9 par sa ni\u00e8ce, Dominique Roberge, et port\u00e9 par la cr\u00e9ativit\u00e9 d\u2019une nouvelle g\u00e9n\u00e9ration de sa famille permet \u00e0 sa m\u00e9moire de demeurer pr\u00e9sente aupr\u00e8s des \u00e9l\u00e8ves et des artistes qui fr\u00e9quentent aujourd\u2019hui l\u2019\u00c9cole.<\/p>\n\n\n\n<p class=\"wp-block-paragraph\">Une belle fa\u00e7on de boucler la boucle \u2014 et surtout, de poursuivre la transmission.<\/p>\n\n\n\n<p class=\"wp-block-paragraph\">L\u2019\u00c9cole remercie chaleureusement Dominique Robergepour ce geste d\u2019une grande g\u00e9n\u00e9rosit\u00e9, ainsi que Shan Luu Gantcheff et Cr\u00e9ations Oasis pour avoir imagin\u00e9 et donn\u00e9 forme \u00e0 cet hommage.<\/p>\n\n\n\n<figure data-module=\"Figcaption\" class=\"wp-block-image size-large\"><img loading=\"lazy\" decoding=\"async\" width=\"1920\" height=\"1440\" src=\"https:\/\/ent-nts.ca\/app\/uploads\/2026\/08\/img-3527-1-1920x1440.jpeg\" alt=\"\" class=\"wp-image-31638\" srcset=\"https:\/\/ent-nts.ca\/app\/uploads\/2026\/08\/img-3527-1-1920x1440.jpeg 1920w, https:\/\/ent-nts.ca\/app\/uploads\/2026\/08\/img-3527-1-1024x768.jpeg 1024w, https:\/\/ent-nts.ca\/app\/uploads\/2026\/08\/img-3527-1-768x576.jpeg 768w, https:\/\/ent-nts.ca\/app\/uploads\/2026\/08\/img-3527-1-1536x1152.jpeg 1536w, https:\/\/ent-nts.ca\/app\/uploads\/2026\/08\/img-3527-1-2048x1536.jpeg 2048w\" sizes=\"auto, (max-width: 1920px) 100vw, 1920px\" \/><\/figure>\n\n\n\n<p class=\"wp-block-paragraph\"><\/p>\n\n\n\n<p class=\"wp-block-paragraph\"><\/p>\n\n\n\n<p class=\"wp-block-paragraph\"><\/p>\n\n\n\n<p class=\"wp-block-paragraph\"><\/p>\n\n\n\n<p class=\"wp-block-paragraph\"><\/p>\n\n\n<div class=\"o-section-gutenberg\">\n<div class=\"wp-block-columns is-layout-flex wp-container-core-columns-is-layout-7387b849 wp-block-columns-is-layout-flex\">\n<div class=\"wp-block-column is-layout-flow wp-block-column-is-layout-flow\"><\/div>\n<\/div>\n<\/div>","protected":false},"excerpt":{"rendered":"<p>Il y a des objets qui trouvent leur place dans un lieu. Et puis il y a ceux qui, en s\u2019y installant, racontent une histoire. Un banc bien sp\u00e9cial vient de faire son entr\u00e9e dans la cour int\u00e9rieure des \u00e9l\u00e8ves de l\u2019\u00c9cole nationale de th\u00e9\u00e2tre du Canada. Derri\u00e8re son design se cache une histoire de [&hellip;]<\/p>\n","protected":false},"author":11,"featured_media":31638,"comment_status":"closed","ping_status":"closed","sticky":false,"template":"","format":"standard","meta":{"_acf_changed":false,"footnotes":""},"categories":[137,1,127],"tags":[],"class_list":["post-31636","post","type-post","status-publish","format-standard","has-post-thumbnail","hentry","category-communaute","category-non-classifiee","category-nouvelles"],"acf":[],"_links":{"self":[{"href":"https:\/\/ent-nts.ca\/fr\/wp-json\/wp\/v2\/posts\/31636","targetHints":{"allow":["GET"]}}],"collection":[{"href":"https:\/\/ent-nts.ca\/fr\/wp-json\/wp\/v2\/posts"}],"about":[{"href":"https:\/\/ent-nts.ca\/fr\/wp-json\/wp\/v2\/types\/post"}],"author":[{"embeddable":true,"href":"https:\/\/ent-nts.ca\/fr\/wp-json\/wp\/v2\/users\/11"}],"replies":[{"embeddable":true,"href":"https:\/\/ent-nts.ca\/fr\/wp-json\/wp\/v2\/comments?post=31636"}],"version-history":[{"count":2,"href":"https:\/\/ent-nts.ca\/fr\/wp-json\/wp\/v2\/posts\/31636\/revisions"}],"predecessor-version":[{"id":31642,"href":"https:\/\/ent-nts.ca\/fr\/wp-json\/wp\/v2\/posts\/31636\/revisions\/31642"}],"wp:featuredmedia":[{"embeddable":true,"href":"https:\/\/ent-nts.ca\/fr\/wp-json\/wp\/v2\/media\/31638"}],"wp:attachment":[{"href":"https:\/\/ent-nts.ca\/fr\/wp-json\/wp\/v2\/media?parent=31636"}],"wp:term":[{"taxonomy":"category","embeddable":true,"href":"https:\/\/ent-nts.ca\/fr\/wp-json\/wp\/v2\/categories?post=31636"},{"taxonomy":"post_tag","embeddable":true,"href":"https:\/\/ent-nts.ca\/fr\/wp-json\/wp\/v2\/tags?post=31636"}],"curies":[{"name":"wp","href":"https:\/\/api.w.org\/{rel}","templated":true}]}}