{"id":30900,"date":"2026-08-25T16:00:32","date_gmt":"2026-08-25T20:00:32","guid":{"rendered":"https:\/\/ent-nts.ca\/?p=30900"},"modified":"2026-08-25T16:01:42","modified_gmt":"2026-08-25T20:01:42","slug":"rentree-2026-bienvenue-aux-nouvelles-cohortes","status":"publish","type":"post","link":"https:\/\/ent-nts.ca\/fr\/rentree-2026-bienvenue-aux-nouvelles-cohortes\/","title":{"rendered":"Rentr\u00e9e 2026 : bienvenue aux nouvelles cohortes\u00a0\u00a0"},"content":{"rendered":"\n<p class=\"wp-block-paragraph\"><br>Depuis quelques jours, une nouvelle \u00e9nergie anime l\u2019\u00c9NT : de nouveaux visages, de nouvelles voix, des rencontres, des \u00e9changes\u2026 et surtout, les premi\u00e8res \u00e9tapes d\u2019une belle aventure th\u00e9\u00e2trale.&nbsp;<\/p>\n\n\n\n<p class=\"wp-block-paragraph\">Nous sommes heureux d\u2019accueillir nos nouvelles cohortes de la rentr\u00e9e 2026 et de revoir les 2e et 3e ann\u00e9es.&nbsp;&nbsp;<\/p>\n\n\n\n<p class=\"wp-block-paragraph\">Ces premiers jours sont l\u2019occasion de&nbsp;(re)d\u00e9couvrir l\u2019\u00c9cole, de faire connaissance avec les \u00e9quipes et les autres \u00e9l\u00e8ves, mais aussi de commencer \u00e0 prendre sa place dans un collectif. Car au th\u00e9\u00e2tre, chaque parcours est singulier, mais l\u2019aventure se construit ensemble.&nbsp;<\/p>\n\n\n\n<p class=\"wp-block-paragraph\"><strong>Bienvenue \u00e0 toutes et \u00e0 tous dans cette nouvelle promotion !<\/strong>&nbsp;<br><strong>Que la saison 2026-2027 commence !&nbsp;<\/strong>&nbsp;<\/p>\n\n\n\n<p class=\"wp-block-paragraph\"><\/p>\n\n\n\n<p class=\"wp-block-paragraph\"><\/p>\n\n\n\n<p class=\"wp-block-paragraph\"><\/p>\n\n\n<div class=\"o-section-gutenberg\">\n<div class=\"wp-block-columns is-layout-flex wp-container-core-columns-is-layout-7387b849 wp-block-columns-is-layout-flex\">\n<div class=\"wp-block-column is-layout-flow wp-block-column-is-layout-flow\"><\/div>\n<\/div>\n<\/div>","protected":false},"excerpt":{"rendered":"<p>Depuis quelques jours, une nouvelle \u00e9nergie anime l\u2019\u00c9NT : de nouveaux visages, de nouvelles voix, des rencontres, des \u00e9changes\u2026 et surtout, les premi\u00e8res \u00e9tapes d\u2019une belle aventure th\u00e9\u00e2trale.&nbsp; Nous sommes heureux d\u2019accueillir nos nouvelles cohortes de la rentr\u00e9e 2026 et de revoir les 2e et 3e ann\u00e9es.&nbsp;&nbsp; Ces premiers jours sont l\u2019occasion de&nbsp;(re)d\u00e9couvrir l\u2019\u00c9cole, de [&hellip;]<\/p>\n","protected":false},"author":11,"featured_media":31058,"comment_status":"closed","ping_status":"closed","sticky":false,"template":"","format":"standard","meta":{"_acf_changed":false,"footnotes":""},"categories":[137,1,127],"tags":[],"class_list":["post-30900","post","type-post","status-publish","format-standard","has-post-thumbnail","hentry","category-communaute","category-non-classifiee","category-nouvelles"],"acf":[],"_links":{"self":[{"href":"https:\/\/ent-nts.ca\/fr\/wp-json\/wp\/v2\/posts\/30900","targetHints":{"allow":["GET"]}}],"collection":[{"href":"https:\/\/ent-nts.ca\/fr\/wp-json\/wp\/v2\/posts"}],"about":[{"href":"https:\/\/ent-nts.ca\/fr\/wp-json\/wp\/v2\/types\/post"}],"author":[{"embeddable":true,"href":"https:\/\/ent-nts.ca\/fr\/wp-json\/wp\/v2\/users\/11"}],"replies":[{"embeddable":true,"href":"https:\/\/ent-nts.ca\/fr\/wp-json\/wp\/v2\/comments?post=30900"}],"version-history":[{"count":4,"href":"https:\/\/ent-nts.ca\/fr\/wp-json\/wp\/v2\/posts\/30900\/revisions"}],"predecessor-version":[{"id":31074,"href":"https:\/\/ent-nts.ca\/fr\/wp-json\/wp\/v2\/posts\/30900\/revisions\/31074"}],"wp:featuredmedia":[{"embeddable":true,"href":"https:\/\/ent-nts.ca\/fr\/wp-json\/wp\/v2\/media\/31058"}],"wp:attachment":[{"href":"https:\/\/ent-nts.ca\/fr\/wp-json\/wp\/v2\/media?parent=30900"}],"wp:term":[{"taxonomy":"category","embeddable":true,"href":"https:\/\/ent-nts.ca\/fr\/wp-json\/wp\/v2\/categories?post=30900"},{"taxonomy":"post_tag","embeddable":true,"href":"https:\/\/ent-nts.ca\/fr\/wp-json\/wp\/v2\/tags?post=30900"}],"curies":[{"name":"wp","href":"https:\/\/api.w.org\/{rel}","templated":true}]}}