{"id":27837,"date":"2026-04-28T16:34:41","date_gmt":"2026-04-28T20:34:41","guid":{"rendered":"https:\/\/ent-nts.ca\/?p=27837"},"modified":"2026-04-28T16:40:17","modified_gmt":"2026-04-28T20:40:17","slug":"lapasq-propose-une-formation-specialisee-pour-les-concepteurs-et-les-conceptrices","status":"publish","type":"post","link":"https:\/\/ent-nts.ca\/fr\/lapasq-propose-une-formation-specialisee-pour-les-concepteurs-et-les-conceptrices\/","title":{"rendered":"L\u2019APASQ propose une formation sp\u00e9cialis\u00e9e pour les concepteurs et les conceptrices"},"content":{"rendered":"\n<p>Le milieu des arts de la sc\u00e8ne est passionnant, mais il exige des concepteurs et conceptrices qu&rsquo;ils portent souvent deux chapeaux : celui de l\u2019artiste et celui de l\u2019entrepreneur. Entre la gestion des horaires de production et la n\u00e9gociation de contrats, il est facile de se sentir submerg\u00e9. C&rsquo;est dans cette optique que l&rsquo;<strong>APASQ (Association des professionnels des Arts de la sc\u00e8ne)<\/strong>&nbsp;propose une formation sp\u00e9cialis\u00e9e les&nbsp;<strong>25 et 26 mai 2026<\/strong>.<\/p>\n\n\n\n<p>Que vous soyez sc\u00e9nographe, concepteur.trice d&rsquo;\u00e9clairage, de costumes ou de son, cette formation de deux jours est con\u00e7ue pour vous donner des outils concrets afin de p\u00e9renniser votre pratique professionnelle \u00e0 Montr\u00e9al.<\/p>\n\n\n\n<p>L\u2019objectif de ce programme est de transformer votre approche du travail pour que votre talent soit soutenu par une structure d&rsquo;affaires solide.<\/p>\n\n\n\n<p><\/p>\n\n\n\n<p>Horaire des ateliers&nbsp;:<\/p>\n\n\n\n<p><strong>Lundi 25 mai :&nbsp;<\/strong><em>Gestion de carri\u00e8re et n\u00e9gociation&nbsp;<\/em>\u2013&nbsp;<strong>En pr\u00e9sentiel \u00e0 Montr\u00e9al<\/strong><\/p>\n\n\n\n<p>La premi\u00e8re journ\u00e9e, anim\u00e9e par&nbsp;<strong>Jonathan Beaudoin<\/strong>, se d\u00e9roulera en pr\u00e9sentiel \u00e0 Montr\u00e9al de 9h30 \u00e0 16h30. Ce volet est crucial pour quiconque souhaite reprendre le contr\u00f4le sur sa trajectoire professionnelle.<br><\/p>\n\n\n\n<ul class=\"wp-block-list\">\n<li><strong>D\u00e9finir ses objectifs :<\/strong>&nbsp;Apprenez \u00e0 \u00e9tablir une vision \u00e0 court, moyen et long terme. Une carri\u00e8re durable ne se b\u00e2tit pas sur la r\u00e9action, mais sur l&rsquo;action r\u00e9fl\u00e9chie.<\/li>\n\n\n\n<li><strong>\u00c9valuer la charge de travail :<\/strong>&nbsp;Savoir lire entre les lignes d&rsquo;une offre de contrat est essentiel. Est-ce que le cachet correspond r\u00e9ellement au temps de cr\u00e9ation et de production requis ?<\/li>\n\n\n\n<li><strong>Ma\u00eetriser la n\u00e9gociation :<\/strong>&nbsp;La formation offre des exercices pratiques pour d\u00e9velopper des comp\u00e9tences en n\u00e9gociation, un atout majeur pour faire valoir vos droits et vos besoins cr\u00e9atifs aupr\u00e8s des producteurs.<\/li>\n<\/ul>\n\n\n\n<p><strong>Mardi 26 mai&nbsp;<\/strong><strong>:<\/strong>&nbsp;<em>Outil de gestion de temps et suivi des t\u00e2ches&nbsp;<\/em>\u2013&nbsp;<strong>En ligne<\/strong><\/p>\n\n\n\n<p>Le lendemain, la formation bascule en mode virtuel avec&nbsp;<strong>Adam Provencher<\/strong>. Deux plages horaires sont offertes (9h30 \u00e0 11h OU 17h \u00e0 18h30) pour s&rsquo;adapter aux horaires souvent charg\u00e9s des artisans de la sc\u00e8ne. Dans un monde o\u00f9 les projets se chevauchent, la gestion du temps est votre meilleure alli\u00e9e contre l&rsquo;\u00e9puisement professionnel.<\/p>\n\n\n\n<ul class=\"wp-block-list\">\n<li><strong>M\u00e9thodologie de travail :<\/strong>&nbsp;D\u00e9couvrez comment utiliser efficacement un outil num\u00e9rique fourni durant la formation pour organiser vos journ\u00e9es.<\/li>\n\n\n\n<li><strong>Suivi des t\u00e2ches :<\/strong>&nbsp;Apprenez \u00e0 comptabiliser vos heures et \u00e0 \u00e9valuer en continu la charge r\u00e9elle de vos projets. C&rsquo;est l&rsquo;outil indispensable pour ajuster vos tarifs et vos futures n\u00e9gociations.<\/li>\n<\/ul>\n\n\n\n<p><strong>Inscription et tarifs : Une formule flexible<\/strong><\/p>\n\n\n\n<p>L\u2019APASQ propose une inscription \u00ab \u00e0 la carte \u00bb pour s\u2019adapter aux besoins de chacun :<\/p>\n\n\n\n<ul class=\"wp-block-list\">\n<li><strong>Option A (60 $) :<\/strong>&nbsp;Le forfait complet incluant l&rsquo;atelier de n\u00e9gociation en pr\u00e9sentiel et l&rsquo;atelier de gestion de temps en ligne. C&rsquo;est le choix id\u00e9al pour une remise \u00e0 niveau globale de votre pratique.<\/li>\n\n\n\n<li><strong>Option B (15 $) :<\/strong>&nbsp;Un acc\u00e8s cibl\u00e9 uniquement \u00e0 l\u2019atelier virtuel sur l\u2019outil de gestion de temps et le suivi des t\u00e2ches.<\/li>\n\n\n\n<li>&nbsp;<\/li>\n<\/ul>\n\n\n\n<p><strong>Comment s&rsquo;inscrire ?<\/strong><\/p>\n\n\n\n<p>Les places pour le volet pr\u00e9sentiel sont limit\u00e9es pour favoriser les \u00e9changes et la pratique. Pour r\u00e9server votre place ou pour toute question suppl\u00e9mentaire, contactez l\u2019association directement par courriel : <strong><a href=\"mailto:formation.apasq.aqad@gmail.com\">formation.apasq.aqad@gmail.com<\/a><\/strong><\/p>\n\n\n\n<p>Bonne formation !<\/p>\n","protected":false},"excerpt":{"rendered":"<p>Le milieu des arts de la sc\u00e8ne est passionnant, mais il exige des concepteurs et conceptrices qu&rsquo;ils portent souvent deux chapeaux : celui de l\u2019artiste et celui de l\u2019entrepreneur. Entre la gestion des horaires de production et la n\u00e9gociation de contrats, il est facile de se sentir submerg\u00e9. C&rsquo;est dans cette optique que l&rsquo;APASQ (Association [&hellip;]<\/p>\n","protected":false},"author":13,"featured_media":27838,"comment_status":"closed","ping_status":"closed","sticky":false,"template":"","format":"standard","meta":{"_acf_changed":false,"footnotes":""},"categories":[137,1],"tags":[],"class_list":["post-27837","post","type-post","status-publish","format-standard","has-post-thumbnail","hentry","category-communaute","category-non-classifiee"],"acf":[],"_links":{"self":[{"href":"https:\/\/ent-nts.ca\/fr\/wp-json\/wp\/v2\/posts\/27837","targetHints":{"allow":["GET"]}}],"collection":[{"href":"https:\/\/ent-nts.ca\/fr\/wp-json\/wp\/v2\/posts"}],"about":[{"href":"https:\/\/ent-nts.ca\/fr\/wp-json\/wp\/v2\/types\/post"}],"author":[{"embeddable":true,"href":"https:\/\/ent-nts.ca\/fr\/wp-json\/wp\/v2\/users\/13"}],"replies":[{"embeddable":true,"href":"https:\/\/ent-nts.ca\/fr\/wp-json\/wp\/v2\/comments?post=27837"}],"version-history":[{"count":3,"href":"https:\/\/ent-nts.ca\/fr\/wp-json\/wp\/v2\/posts\/27837\/revisions"}],"predecessor-version":[{"id":27844,"href":"https:\/\/ent-nts.ca\/fr\/wp-json\/wp\/v2\/posts\/27837\/revisions\/27844"}],"wp:featuredmedia":[{"embeddable":true,"href":"https:\/\/ent-nts.ca\/fr\/wp-json\/wp\/v2\/media\/27838"}],"wp:attachment":[{"href":"https:\/\/ent-nts.ca\/fr\/wp-json\/wp\/v2\/media?parent=27837"}],"wp:term":[{"taxonomy":"category","embeddable":true,"href":"https:\/\/ent-nts.ca\/fr\/wp-json\/wp\/v2\/categories?post=27837"},{"taxonomy":"post_tag","embeddable":true,"href":"https:\/\/ent-nts.ca\/fr\/wp-json\/wp\/v2\/tags?post=27837"}],"curies":[{"name":"wp","href":"https:\/\/api.w.org\/{rel}","templated":true}]}}